{"id":13397,"date":"2019-02-05T09:52:46","date_gmt":"2019-02-05T08:52:46","guid":{"rendered":"https:\/\/dress-ecode.com\/2019\/02\/05\/15-miliardi-di-euro-di-cibo-sprecato-in-italia-12-nelle-nostre-case-i-dati-waste-watcher-nella-6a-giornata-nazionale-di-prevenzione-dello-spreco-alimentare\/"},"modified":"2020-10-31T19:01:11","modified_gmt":"2020-10-31T18:01:11","slug":"15-miliardi-di-euro-di-cibo-sprecato-in-italia-12-nelle-nostre-case-i-dati-waste-watcher-nella-6a-giornata-nazionale-di-prevenzione-dello-spreco-alimentare","status":"publish","type":"post","link":"https:\/\/dress-ecode.com\/en\/15-miliardi-di-euro-di-cibo-sprecato-in-italia-12-nelle-nostre-case-i-dati-waste-watcher-nella-6a-giornata-nazionale-di-prevenzione-dello-spreco-alimentare\/","title":{"rendered":"15 miliardi di euro di cibo sprecato in Italia, 12 nelle nostre case: i dati Waste Watcher nella 6a Giornata Nazionale di prevenzione dello spreco alimentare"},"content":{"rendered":"<p>Ieri alla FAO gli ultimi dati del rapporto sullo spreco alimentare in Italia sono stati presentati dal progetto 60 Sei ZERO dell\u2019Universit\u00e0 di Bologna \u2013 Dipartimento Scienze e Tecnologie Agroalimentari con il Ministero dell\u2019Ambiente e la campagna Spreco Zero dello spin off Last Minute Market. I saluti della\u00a0FAO\u00a0sono stati portati dal\u00a0Vice Direttore Generale Daniel Gustafson,\u00a0che ha evidenziato la centralit\u00e0 della questione spreco in rapporto alla sostenibilit\u00e0 agroalimentare e ambientale. Andrea Segr\u00e8, fondatore della campagna Spreco Zero e presidente di Last Minute Market,<span class=\"Apple-converted-space\">\u00a0<\/span> e Luca Falasconi, Coordinatore della Giornata Nazionale dello spreco alimentare, hanno commentato i dati presentati da Maurizio Pessato, presidente Swg.<!--more--><\/p>\r\n<p>Massimo Cirri, di Radio2 Rai Caterpillar, ci ha guidati nelle storie di buone pratiche (qui il link dove leggerle <a href=\"https:\/\/dress-ecode.com\/2019\/02\/04\/alla-fao-si-apre-la-6a-giornata-nazionale-di-prevenzione-dello-spreco-alimentare-tante-storie-di-zero-waste-economia-circolare-e-sostenibilita-che-rincuorano\/?fbclid=IwAR3FVLZfDzvNCBdM7sDylaDo801UoGzQTc6eqZ1oQeBWCTBuwDvpsvvgvXU\">Storie di buone pratiche<\/a>).<\/p>\r\n<p><b>La percezione dello spreco di cibo \u00e8 in testa<\/b>, superando da 5 anni quella di altri sprechi. Il settore alimentare \u00e8 quello in cui sembra di buttare di pi\u00f9 per il 74% degli italiani. Mentre lo spreco idrico segue per il 48%, quindi gli sprechi legati a mobilit\u00e0 (25%) ed energie elettrica (22%). Meno evidenti gli sprechi di denaro (18%) e tempo (13%).<\/p>\r\n<p><strong>4\/5 dello spreco (12 miliardi di euro) viene dalla nostre case ma non ne abbiamo percezione<\/strong>: dallo studio emerge che secondo gli italiani sono il commercio (negozi e grande distribuzione) e il settore pubblico la principale fonte di spreco.<\/p>\r\n<p>Quasi la met\u00e0 (48%) dichiara di buttare raramente il cibo, il 16% una volta al mese. Il dato \u00e8 in miglioramento rispetto al passato, ma resta per pi\u00f9 di un terzo (36%) un\u2019abitudine frequente.<\/p>\r\n<p>Secondo la nostra percezione, gettiamo 600 grammi di cibo ogni settimana, pari a un valore di 28 euro al mese.<\/p>\r\n<p>In cima alla <strong>lista dei rimedi antispreco<\/strong> pi\u00f9 utilizzati, la verifica in dispensa di ci\u00f2 che serve davvero (65%), congelare i cibi che non possiamo mangiare a breve (61%), attenzione alle quantit\u00e0 quando si cucina (54%), controllo dell\u2019edibilit\u00e0 degli alimenti scaduti prima di buttarli (52%), riutilizzo degli avanzi per nuove ricette (48%). Un terzo porta a casa gi\u00e0 che resta dai pasti al ristorante.<span class=\"Apple-converted-space\">\u00a0<\/span><\/p>\r\n<p>Cosa si dovrebbe fare secondo gli italiani? La maggior parte (72%) chiede di puntare sull\u2019educazione alimentare. Falasconi spiega che non solo si tratta di formare e sensibilizzare nelle scuole, ma anche all\u2019interno delle famiglie. Secondo Segr\u00e8 stiamo perdendo l\u2019abitudine di ricorrere alla preparazione di una lista della spesa ragionata prima di fare acquisti, importante e semplice strumento per evitare lo spreco. \u201cLa strada per raggiungere lo spreco zero \u00e8 lunga ma l\u2019importante \u00e8 iniziare a camminare\u201d.<\/p>\r\n<p>Il testimonial della campagna 2018, <strong>Giobbe Covatta<\/strong>, ricorda come fu colpito in giovent\u00f9 dalle ruspe che distruggono l\u2019eccedenza di arance. \u201cVengo da una generazione dove quando cascava il pane per terra, mamma lo raccoglieva, ci soffiava sopra e lo rimetteva nel cestino del pane\u201d. Con la sua comicit\u00e0 racconta delle ricette di riciclo proposte dai super chef con gli avanzi \ud83d\ude42<\/p>\r\n<p><strong>Neri Marcor\u00e8<\/strong>, presentandosi come nuovo testimonial della compagna per il 2019, ha chiuso la giornata.<\/p>\r\n\r\n<figure class=\"wp-block-image\"><img loading=\"lazy\" decoding=\"async\" width=\"640\" height=\"538\" class=\"wp-image-1155\" src=\"https:\/\/dress-ecode.com\/wp-content\/uploads\/2019\/02\/thumbnail_image4.jpg\" alt=\"\" srcset=\"https:\/\/dress-ecode.com\/wp-content\/uploads\/2019\/02\/thumbnail_image4.jpg 640w, https:\/\/dress-ecode.com\/wp-content\/uploads\/2019\/02\/thumbnail_image4-600x504.jpg 600w, https:\/\/dress-ecode.com\/wp-content\/uploads\/2019\/02\/thumbnail_image4-300x252.jpg 300w\" sizes=\"auto, (max-width: 640px) 100vw, 640px\" \/><\/figure>\r\n\r\n\r\n\r\n<figure class=\"wp-block-image\"><img loading=\"lazy\" decoding=\"async\" width=\"1024\" height=\"946\" class=\"wp-image-1156\" src=\"https:\/\/dress-ecode.com\/wp-content\/uploads\/2019\/02\/thumbnail_image5-1024x946.jpg\" alt=\"\" srcset=\"https:\/\/dress-ecode.com\/wp-content\/uploads\/2019\/02\/thumbnail_image5-1024x946.jpg 1024w, https:\/\/dress-ecode.com\/wp-content\/uploads\/2019\/02\/thumbnail_image5-600x555.jpg 600w, https:\/\/dress-ecode.com\/wp-content\/uploads\/2019\/02\/thumbnail_image5-300x277.jpg 300w, https:\/\/dress-ecode.com\/wp-content\/uploads\/2019\/02\/thumbnail_image5-768x710.jpg 768w, https:\/\/dress-ecode.com\/wp-content\/uploads\/2019\/02\/thumbnail_image5-1160x1072.jpg 1160w, https:\/\/dress-ecode.com\/wp-content\/uploads\/2019\/02\/thumbnail_image5.jpg 1280w\" sizes=\"auto, (max-width: 1024px) 100vw, 1024px\" \/><\/figure>\r\n\r\n\r\n\r\n<figure class=\"wp-block-image is-resized\"><img loading=\"lazy\" decoding=\"async\" class=\"wp-image-1157\" src=\"https:\/\/dress-ecode.com\/wp-content\/uploads\/2019\/02\/thumbnail_image1-1-1.jpg\" alt=\"\" width=\"580\" height=\"476\" srcset=\"https:\/\/dress-ecode.com\/wp-content\/uploads\/2019\/02\/thumbnail_image1-1-1.jpg 485w, https:\/\/dress-ecode.com\/wp-content\/uploads\/2019\/02\/thumbnail_image1-1-1-300x246.jpg 300w\" sizes=\"auto, (max-width: 580px) 100vw, 580px\" \/><\/figure>\r\n\r\n\r\n\r\n<figure class=\"wp-block-image\"><img loading=\"lazy\" decoding=\"async\" width=\"640\" height=\"541\" class=\"wp-image-1158\" src=\"https:\/\/dress-ecode.com\/wp-content\/uploads\/2019\/02\/thumbnail_image2-2.jpg\" alt=\"\" srcset=\"https:\/\/dress-ecode.com\/wp-content\/uploads\/2019\/02\/thumbnail_image2-2.jpg 640w, https:\/\/dress-ecode.com\/wp-content\/uploads\/2019\/02\/thumbnail_image2-2-600x507.jpg 600w, https:\/\/dress-ecode.com\/wp-content\/uploads\/2019\/02\/thumbnail_image2-2-300x254.jpg 300w\" sizes=\"auto, (max-width: 640px) 100vw, 640px\" \/><\/figure>\r\n","protected":false},"excerpt":{"rendered":"<p>Ieri alla FAO gli ultimi dati del rapporto sullo spreco alimentare in Italia sono stati presentati dal progetto 60 Sei ZERO dell\u2019Universit\u00e0 di Bologna \u2013 Dipartimento Scienze e Tecnologie Agroalimentari con il Ministero dell\u2019Ambiente e la campagna Spreco Zero dello spin off Last Minute Market. I saluti della\u00a0FAO\u00a0sono stati portati dal\u00a0Vice Direttore Generale Daniel Gustafson,\u00a0che ha evidenziato la centralit\u00e0 della questione spreco in rapporto alla sostenibilit\u00e0 agroalimentare e ambientale. Andrea Segr\u00e8, fondatore della campagna Spreco Zero e presidente di Last Minute Market,\u00a0 e Luca Falasconi, Coordinatore della Giornata Nazionale dello spreco alimentare, hanno commentato i dati presentati da Maurizio Pessato, presidente Swg.<\/p>\n","protected":false},"author":1,"featured_media":13398,"comment_status":"open","ping_status":"open","sticky":false,"template":"","format":"standard","meta":{"footnotes":""},"categories":[922,1043,1077],"tags":[1486,926,927,1487,929],"class_list":["post-13397","post","type-post","status-publish","format-standard","has-post-thumbnail","hentry","category-circular-economy-en","category-eventi-en","category-food-cibo-en","tag-prevenzione-allo-spreco-en","tag-spreco-alimentare-en","tag-spreco-zero-en","tag-waste-watcher-en","tag-zero-waste-en"],"jetpack_sharing_enabled":true,"jetpack_featured_media_url":"https:\/\/dress-ecode.com\/wp-content\/uploads\/2019\/02\/thumbnail_image1-1.jpg","acf":[],"_links":{"self":[{"href":"https:\/\/dress-ecode.com\/en\/wp-json\/wp\/v2\/posts\/13397","targetHints":{"allow":["GET"]}}],"collection":[{"href":"https:\/\/dress-ecode.com\/en\/wp-json\/wp\/v2\/posts"}],"about":[{"href":"https:\/\/dress-ecode.com\/en\/wp-json\/wp\/v2\/types\/post"}],"author":[{"embeddable":true,"href":"https:\/\/dress-ecode.com\/en\/wp-json\/wp\/v2\/users\/1"}],"replies":[{"embeddable":true,"href":"https:\/\/dress-ecode.com\/en\/wp-json\/wp\/v2\/comments?post=13397"}],"version-history":[{"count":0,"href":"https:\/\/dress-ecode.com\/en\/wp-json\/wp\/v2\/posts\/13397\/revisions"}],"wp:featuredmedia":[{"embeddable":true,"href":"https:\/\/dress-ecode.com\/en\/wp-json\/wp\/v2\/media\/13398"}],"wp:attachment":[{"href":"https:\/\/dress-ecode.com\/en\/wp-json\/wp\/v2\/media?parent=13397"}],"wp:term":[{"taxonomy":"category","embeddable":true,"href":"https:\/\/dress-ecode.com\/en\/wp-json\/wp\/v2\/categories?post=13397"},{"taxonomy":"post_tag","embeddable":true,"href":"https:\/\/dress-ecode.com\/en\/wp-json\/wp\/v2\/tags?post=13397"}],"curies":[{"name":"wp","href":"https:\/\/api.w.org\/{rel}","templated":true}]}}